{"id":4885,"date":"2025-06-25T17:02:34","date_gmt":"2025-06-25T17:02:34","guid":{"rendered":"https:\/\/owvebneiv.preview.infomaniak.website\/?p=4885"},"modified":"2025-12-08T22:03:48","modified_gmt":"2025-12-08T22:03:48","slug":"valperca","status":"publish","type":"post","link":"https:\/\/standconcept.ch\/en\/valperca\/","title":{"rendered":"Valperca"},"content":{"rendered":"<h1><span>Valperca<\/span><\/h1>\n<p><p>\n        <a href=\"\/realisations\/\">Revenir aux r\u00e9alisations<\/a>\n    <\/p>\n<\/p>\n<h1>2018<\/h1>\n<div>\n<p><span><strong>Lieu: <\/strong><\/span><span>Conception d&#8217;un stand d&#8217;exposition \u00e0 Z\u00fcrich<\/span><br \/><span><strong>Projet: <\/strong>Slow Food Market<\/span><\/p>\n<\/div>\n<ul>\n<li>\n<p>        <img decoding=\"async\" src=\"\/wp-content\/uploads\/2025\/10\/Valperca_Sloowfood-ZH_2018__IMG_7131.jpeg\" alt=\"\"><\/p>\n<h3>Valperca_Sloowfood ZH_2018__IMG_7131<\/h3>\n<\/li>\n<li>\n<p>        <img decoding=\"async\" src=\"\/wp-content\/uploads\/2025\/10\/Valperca_Sloowfood-ZH_2018__IMG_7132-rotated.jpeg\" alt=\"\"><\/p>\n<h3>Valperca_Sloowfood ZH_2018__IMG_7132<\/h3>\n<\/li>\n<li>\n<p>        <img decoding=\"async\" src=\"\/wp-content\/uploads\/2025\/10\/Valperca_Sloowfood-ZH_2018__IMG_7128-rotated.jpeg\" alt=\"\"><\/p>\n<h3>Valperca_Sloowfood ZH_2018__IMG_7128<\/h3>\n<\/li>\n<\/ul>\n<h1>2018<\/h1>\n<div>\n<p><span><strong>Lieu: <\/strong><\/span><span>Conception d&#8217;un stand d&#8217;exposition \u00e0 Martigny<\/span><br \/><span><strong>Projet:\u00a0<\/strong>Passion Nature<\/span><\/p>\n<\/div>\n<ul>\n<li>\n<p>        <img decoding=\"async\" src=\"\/wp-content\/uploads\/2025\/10\/Valperca_PassionNature_2018P1050183-scaled.jpg\" alt=\"\"><\/p>\n<h3>Valperca_PassionNature_2018P1050183<\/h3>\n<\/li>\n<li>\n<p>        <img decoding=\"async\" src=\"\/wp-content\/uploads\/2025\/10\/Valperca_PassionNature_2018P1050205-scaled.jpg\" alt=\"\"><\/p>\n<h3>Valperca_PassionNature_2018P1050205<\/h3>\n<\/li>\n<li>\n<p>        <img decoding=\"async\" src=\"\/wp-content\/uploads\/2025\/10\/Valperca_PassionNature_2018P1050215-scaled.jpg\" alt=\"\"><\/p>\n<h3>Valperca_PassionNature_2018P1050215<\/h3>\n<\/li>\n<li>\n<p>        <img decoding=\"async\" src=\"\/wp-content\/uploads\/2025\/10\/Valperca_PassionNature_2018P1050185-scaled.jpg\" alt=\"\"><\/p>\n<h3>Valperca_PassionNature_2018P1050185<\/h3>\n<\/li>\n<li>\n<p>        <img decoding=\"async\" src=\"\/wp-content\/uploads\/2025\/10\/Valperca_PassionNature_2018P1050194-scaled.jpg\" alt=\"\"><\/p>\n<h3>Valperca_PassionNature_2018P1050194<\/h3>\n<\/li>\n<\/ul>\n<h1>2017<\/h1>\n<div>\n<p><span><strong>Lieu: <\/strong><\/span><span>Conception d&#8217;un stand d&#8217;exposition \u00e0 Martigny<\/span><br \/><span><strong>Projet:\u00a0<\/strong>Saveurs et Artisans<\/span><\/p>\n<\/div>\n<div>\n<p>    <img decoding=\"async\" src=\"\/wp-content\/uploads\/2025\/10\/IMG_1278-scaled.jpg\" alt=\"\"><\/p>\n<h3>IMG_1278<\/h3>\n<\/div>\n<h1>2017 &#8211; 2018<\/h1>\n<div>\n<p><span><strong>Lieu: <\/strong><\/span><span>Conception d&#8217;un stand d&#8217;exposition \u00e0 Bulle<\/span><br \/><span><strong>Projet: <\/strong>Go\u00fbts et Terroirs<\/span><\/p>\n<\/div>\n<ul>\n<li>\n<p>        <img decoding=\"async\" src=\"\/wp-content\/uploads\/2025\/10\/Valperca_2018_GoutTerroirs_Bulle_P1060546-scaled.jpg\" alt=\"\"><\/p>\n<h3>Valperca_2018_Gout&#038;Terroirs_Bulle_P1060546<\/h3>\n<\/li>\n<li>\n<p>        <img decoding=\"async\" src=\"\/wp-content\/uploads\/2025\/10\/Valperca_2018_GoutTerroirs_Bulle_P1060549-scaled.jpg\" alt=\"\"><\/p>\n<h3>Valperca_2018_Gout&#038;Terroirs_Bulle_P1060549<\/h3>\n<\/li>\n<li>\n<p>        <img decoding=\"async\" src=\"\/wp-content\/uploads\/2025\/10\/Valperca_2018_GoutTerroirs_Bulle_P1060524-scaled.jpg\" alt=\"\"><\/p>\n<h3>Valperca_2018_Gout&#038;Terroirs_Bulle_P1060524<\/h3>\n<\/li>\n<li>\n<p>        <img decoding=\"async\" src=\"\/wp-content\/uploads\/2025\/10\/Valperca_2018_GoutTerroirs_Bulle_P1060547-scaled.jpg\" alt=\"\"><\/p>\n<h3>Valperca_2018_Gout&#038;Terroirs_Bulle_P1060547<\/h3>\n<\/li>\n<li>\n<p>        <img decoding=\"async\" src=\"\/wp-content\/uploads\/2025\/10\/Valperca_2018_GoutTerroirs_Bulle_P1060552-scaled.jpg\" alt=\"\"><\/p>\n<h3>Valperca_2018_Gout&#038;Terroirs_Bulle_P1060552<\/h3>\n<\/li>\n<\/ul>\n<p><!--more--><br \/>\n<!-- {\"type\":\"layout\",\"children\":[{\"type\":\"section\",\"props\":{\"image_position\":\"center-center\",\"padding_remove_bottom\":true,\"style\":\"default\",\"title_breakpoint\":\"xl\",\"title_position\":\"top-left\",\"title_rotation\":\"left\",\"vertical_align\":\"\",\"width\":\"default\"},\"children\":[{\"type\":\"row\",\"children\":[{\"type\":\"column\",\"props\":{\"image_position\":\"center-center\",\"position_sticky_breakpoint\":\"m\"},\"children\":[{\"type\":\"headline\",\"props\":{\"content\":\"<span>Valperca<\\\/span>\",\"title_element\":\"h1\",\"title_style\":\"heading-medium\"}},{\"type\":\"button\",\"props\":{\"grid_column_gap\":\"small\",\"grid_row_gap\":\"small\",\"margin\":\"default\"},\"children\":[{\"type\":\"button_item\",\"props\":{\"button_style\":\"text\",\"content\":\"Revenir aux r\\u00e9alisations\",\"content_de_de\":\"Zur\\u00fcck zu den Projekten\",\"content_en_gb\":\"Back to achievements\",\"dialog_layout\":\"modal\",\"dialog_offcanvas_flip\":true,\"icon_align\":\"left\",\"link\":\"realisations\\\/\",\"link_de_de\":\"de\\\/realisations\\\/\",\"link_en_gb\":\"en\\\/realisations\\\/\"}}],\"name\":\"Button\"}]}],\"props\":{\"margin_remove_bottom\":true}}],\"name\":\"Nom Entreprise\"},{\"type\":\"section\",\"props\":{\"image_position\":\"center-center\",\"style\":\"default\",\"title\":\"Valperca 2018 - Slow Food Market\",\"title_breakpoint\":\"xl\",\"title_position\":\"top-left\",\"title_rotation\":\"left\",\"vertical_align\":\"\",\"width\":\"default\"},\"children\":[{\"type\":\"row\",\"children\":[{\"type\":\"column\",\"props\":{\"image_position\":\"center-center\",\"position_sticky_breakpoint\":\"m\"},\"children\":[{\"type\":\"headline\",\"props\":{\"content\":\"2018\",\"title_element\":\"h1\"}},{\"type\":\"text\",\"props\":{\"column_breakpoint\":\"m\",\"content\":\"\n\n<p><span><strong>Lieu: <\\\/strong><\\\/span><span>Conception d'un stand d'exposition \\u00e0 Z\\u00fcrich<\\\/span><br \\\/><span><strong>Projet: <\\\/strong>Slow Food Market<\\\/span><\\\/p>\",\"content_de_de\":\"\n\n<p><span>Ort: Z\\u00fcrich<\\\/span><br \\\/><span>Projekt: Slow Food Market<\\\/span><\\\/p>\",\"content_en_gb\":\"\n\n<div class=\\\"project_text\\\">Location: Z\\u00fcrich<br \\\/>Project: Slow Food Market<\\\/div>\",\"margin\":\"default\"}},{\"type\":\"slideshow\",\"props\":{\"css\":\"\\\/* Cible les images dans le slideshow Yootheme *\\\/\\n.uk-slideshow-items img {\\n  object-fit: contain !important;\\n  background: #ffffff; \\\/* ou blanc si tu pr\\u00e9f\\u00e8res *\\\/\\n}\",\"link_style\":\"default\",\"link_text\":\"Read more\",\"margin\":\"default\",\"meta_align\":\"below-title\",\"meta_element\":\"div\",\"meta_style\":\"text-meta\",\"nav\":\"dotnav\",\"nav_align\":\"center\",\"nav_breakpoint\":\"s\",\"nav_position\":\"bottom-center\",\"nav_position_margin\":\"medium\",\"overlay_animation\":\"parallax\",\"overlay_position\":\"center-left\",\"show_content\":true,\"show_link\":true,\"show_meta\":false,\"show_thumbnail\":true,\"show_title\":false,\"slidenav\":\"default\",\"slidenav_breakpoint\":\"s\",\"slidenav_margin\":\"medium\",\"slidenav_outside_breakpoint\":\"xl\",\"slideshow_autoplay_pause\":true,\"slideshow_min_height\":300,\"slideshow_ratio\":\"6:4\",\"thumbnav_height\":\"75\",\"thumbnav_svg_color\":\"emphasis\",\"thumbnav_width\":\"100\",\"title_element\":\"h3\",\"title_hover_style\":\"reset\"},\"children\":[{\"type\":\"slideshow_item\",\"props\":{\"image\":\"wp-content\\\/uploads\\\/2025\\\/10\\\/Valperca_Sloowfood-ZH_2018__IMG_7131.jpeg\",\"title\":\"Valperca_Sloowfood ZH_2018__IMG_7131\"}},{\"type\":\"slideshow_item\",\"props\":{\"image\":\"wp-content\\\/uploads\\\/2025\\\/10\\\/Valperca_Sloowfood-ZH_2018__IMG_7132-rotated.jpeg\",\"title\":\"Valperca_Sloowfood ZH_2018__IMG_7132\"}},{\"type\":\"slideshow_item\",\"props\":{\"image\":\"wp-content\\\/uploads\\\/2025\\\/10\\\/Valperca_Sloowfood-ZH_2018__IMG_7128-rotated.jpeg\",\"title\":\"Valperca_Sloowfood ZH_2018__IMG_7128\"}}]}]}]}],\"name\":\"Valperca 2018 - Slow Food Market\"},{\"type\":\"section\",\"props\":{\"image_position\":\"center-center\",\"style\":\"default\",\"title\":\"Valperca 2018 - Passion Nature\",\"title_breakpoint\":\"xl\",\"title_position\":\"top-left\",\"title_rotation\":\"left\",\"vertical_align\":\"\",\"width\":\"default\"},\"children\":[{\"type\":\"row\",\"children\":[{\"type\":\"column\",\"props\":{\"image_position\":\"center-center\",\"position_sticky_breakpoint\":\"m\"},\"children\":[{\"type\":\"headline\",\"props\":{\"content\":\"2018\",\"title_element\":\"h1\"}},{\"type\":\"text\",\"props\":{\"column_breakpoint\":\"m\",\"content\":\"\n\n<p><span><strong>Lieu: <\\\/strong><\\\/span><span>Conception d'un stand d'exposition \\u00e0 Martigny<\\\/span><br \\\/><span><strong>Projet:\\u00a0<\\\/strong>Passion Nature<\\\/span><\\\/p>\",\"content_de_de\":\"\n\n<p><span>Ort: Martigny<\\\/span><br \\\/><span>Projekt: Passion Nature<\\\/span><\\\/p>\",\"content_en_gb\":\"\n\n<p><span>Location: Martigny<\\\/span><br \\\/><span>Project: Passion Nature<\\\/span><\\\/p>\",\"margin\":\"default\"}},{\"type\":\"slideshow\",\"props\":{\"css\":\"\\\/* Cible les images dans le slideshow Yootheme *\\\/\\n.uk-slideshow-items img {\\n  object-fit: contain !important;\\n  background: #ffffff; \\\/* ou blanc si tu pr\\u00e9f\\u00e8res *\\\/\\n}\",\"link_style\":\"default\",\"link_text\":\"Read more\",\"margin\":\"default\",\"meta_align\":\"below-title\",\"meta_element\":\"div\",\"meta_style\":\"text-meta\",\"nav\":\"dotnav\",\"nav_align\":\"center\",\"nav_breakpoint\":\"s\",\"nav_position\":\"bottom-center\",\"nav_position_margin\":\"medium\",\"overlay_animation\":\"parallax\",\"overlay_position\":\"center-left\",\"show_content\":true,\"show_link\":true,\"show_meta\":false,\"show_thumbnail\":true,\"show_title\":false,\"slidenav\":\"default\",\"slidenav_breakpoint\":\"s\",\"slidenav_margin\":\"medium\",\"slidenav_outside_breakpoint\":\"xl\",\"slideshow_autoplay_pause\":true,\"slideshow_min_height\":300,\"slideshow_ratio\":\"6:4\",\"thumbnav_height\":\"75\",\"thumbnav_svg_color\":\"emphasis\",\"thumbnav_width\":\"100\",\"title_element\":\"h3\",\"title_hover_style\":\"reset\"},\"children\":[{\"type\":\"slideshow_item\",\"props\":{\"image\":\"wp-content\\\/uploads\\\/2025\\\/10\\\/Valperca_PassionNature_2018P1050183-scaled.jpg\",\"title\":\"Valperca_PassionNature_2018P1050183\"}},{\"type\":\"slideshow_item\",\"props\":{\"image\":\"wp-content\\\/uploads\\\/2025\\\/10\\\/Valperca_PassionNature_2018P1050205-scaled.jpg\",\"title\":\"Valperca_PassionNature_2018P1050205\"}},{\"type\":\"slideshow_item\",\"props\":{\"image\":\"wp-content\\\/uploads\\\/2025\\\/10\\\/Valperca_PassionNature_2018P1050215-scaled.jpg\",\"title\":\"Valperca_PassionNature_2018P1050215\"}},{\"type\":\"slideshow_item\",\"props\":{\"image\":\"wp-content\\\/uploads\\\/2025\\\/10\\\/Valperca_PassionNature_2018P1050185-scaled.jpg\",\"title\":\"Valperca_PassionNature_2018P1050185\"}},{\"type\":\"slideshow_item\",\"props\":{\"image\":\"wp-content\\\/uploads\\\/2025\\\/10\\\/Valperca_PassionNature_2018P1050194-scaled.jpg\",\"title\":\"Valperca_PassionNature_2018P1050194\"}}]}]}]}],\"name\":\"Valperca 2018 - Passion Nature\"},{\"type\":\"section\",\"props\":{\"image_position\":\"center-center\",\"style\":\"default\",\"title\":\"Valperca 2017\",\"title_breakpoint\":\"xl\",\"title_position\":\"top-left\",\"title_rotation\":\"left\",\"vertical_align\":\"\",\"width\":\"default\"},\"children\":[{\"type\":\"row\",\"children\":[{\"type\":\"column\",\"props\":{\"image_position\":\"center-center\",\"position_sticky_breakpoint\":\"m\"},\"children\":[{\"type\":\"headline\",\"props\":{\"content\":\"2017\",\"title_element\":\"h1\"}},{\"type\":\"text\",\"props\":{\"column_breakpoint\":\"m\",\"content\":\"\n\n<p><span><strong>Lieu: <\\\/strong><\\\/span><span>Conception d'un stand d'exposition \\u00e0 Martigny<\\\/span><br \\\/><span><strong>Projet:\\u00a0<\\\/strong>Saveurs et Artisans<\\\/span><\\\/p>\",\"content_de_de\":\"\n\n<p><span>Ort: Martigny<\\\/span><br \\\/><span>Projekt: Saveurs &amp; Artisans<\\\/span><\\\/p>\",\"content_en_gb\":\"\n\n<div class=\\\"project_text\\\">Location: Martigny<br \\\/>Project: Saveurs &amp; Artisans<\\\/div>\",\"margin\":\"default\"}},{\"type\":\"slideshow\",\"props\":{\"css\":\"\\\/* Cible les images dans le slideshow Yootheme *\\\/\\n.uk-slideshow-items img {\\n  object-fit: contain !important;\\n  background: #ffffff; \\\/* ou blanc si tu pr\\u00e9f\\u00e8res *\\\/\\n}\",\"link_style\":\"default\",\"link_text\":\"Read more\",\"margin\":\"default\",\"meta_align\":\"below-title\",\"meta_element\":\"div\",\"meta_style\":\"text-meta\",\"nav\":\"dotnav\",\"nav_align\":\"center\",\"nav_breakpoint\":\"s\",\"nav_position\":\"bottom-center\",\"nav_position_margin\":\"medium\",\"overlay_animation\":\"parallax\",\"overlay_position\":\"center-left\",\"show_content\":true,\"show_link\":true,\"show_meta\":false,\"show_thumbnail\":true,\"show_title\":false,\"slidenav\":\"default\",\"slidenav_breakpoint\":\"s\",\"slidenav_margin\":\"medium\",\"slidenav_outside_breakpoint\":\"xl\",\"slideshow_autoplay_pause\":true,\"slideshow_min_height\":300,\"slideshow_ratio\":\"6:4\",\"thumbnav_height\":\"75\",\"thumbnav_svg_color\":\"emphasis\",\"thumbnav_width\":\"100\",\"title_element\":\"h3\",\"title_hover_style\":\"reset\"},\"children\":[{\"type\":\"slideshow_item\",\"props\":{\"image\":\"wp-content\\\/uploads\\\/2025\\\/10\\\/IMG_1278-scaled.jpg\",\"title\":\"IMG_1278\"}}]}]}]}],\"name\":\"Valperca 2017\"},{\"type\":\"section\",\"props\":{\"image_position\":\"center-center\",\"style\":\"default\",\"title\":\"Valperca 2017 - 2018\",\"title_breakpoint\":\"xl\",\"title_position\":\"top-left\",\"title_rotation\":\"left\",\"vertical_align\":\"\",\"width\":\"default\"},\"children\":[{\"type\":\"row\",\"children\":[{\"type\":\"column\",\"props\":{\"image_position\":\"center-center\",\"position_sticky_breakpoint\":\"m\"},\"children\":[{\"type\":\"headline\",\"props\":{\"content\":\"2017 - 2018\",\"title_element\":\"h1\"}},{\"type\":\"text\",\"props\":{\"column_breakpoint\":\"m\",\"content\":\"\n\n<p><span><strong>Lieu: <\\\/strong><\\\/span><span>Conception d'un stand d'exposition \\u00e0 Bulle<\\\/span><br \\\/><span><strong>Projet: <\\\/strong>Go\\u00fbts et Terroirs<\\\/span><\\\/p>\",\"content_de_de\":\"\n\n<div class=\\\"project_text\\\">Ort: Bulle<br \\\/>Projekt: Go\\u00fbts et Terroirs<\\\/div>\",\"content_en_gb\":\"\n\n<p><span>Location: Bulle<\\\/span><br \\\/><span>Project: Go\\u00fbts et Terroirs<\\\/span><\\\/p>\",\"margin\":\"default\"}},{\"type\":\"slideshow\",\"props\":{\"css\":\"\\\/* Cible les images dans le slideshow Yootheme *\\\/\\n.uk-slideshow-items img {\\n  object-fit: contain !important;\\n  background: #ffffff; \\\/* ou blanc si tu pr\\u00e9f\\u00e8res *\\\/\\n}\",\"link_style\":\"default\",\"link_text\":\"Read more\",\"margin\":\"default\",\"meta_align\":\"below-title\",\"meta_element\":\"div\",\"meta_style\":\"text-meta\",\"nav\":\"dotnav\",\"nav_align\":\"center\",\"nav_breakpoint\":\"s\",\"nav_position\":\"bottom-center\",\"nav_position_margin\":\"medium\",\"overlay_animation\":\"parallax\",\"overlay_position\":\"center-left\",\"show_content\":true,\"show_link\":true,\"show_meta\":false,\"show_thumbnail\":true,\"show_title\":false,\"slidenav\":\"default\",\"slidenav_breakpoint\":\"s\",\"slidenav_margin\":\"medium\",\"slidenav_outside_breakpoint\":\"xl\",\"slideshow_autoplay_pause\":true,\"slideshow_min_height\":300,\"slideshow_ratio\":\"6:4\",\"thumbnav_height\":\"75\",\"thumbnav_svg_color\":\"emphasis\",\"thumbnav_width\":\"100\",\"title_element\":\"h3\",\"title_hover_style\":\"reset\"},\"children\":[{\"type\":\"slideshow_item\",\"props\":{\"image\":\"wp-content\\\/uploads\\\/2025\\\/10\\\/Valperca_2018_GoutTerroirs_Bulle_P1060546-scaled.jpg\",\"title\":\"Valperca_2018_Gout&Terroirs_Bulle_P1060546\"}},{\"type\":\"slideshow_item\",\"props\":{\"image\":\"wp-content\\\/uploads\\\/2025\\\/10\\\/Valperca_2018_GoutTerroirs_Bulle_P1060549-scaled.jpg\",\"title\":\"Valperca_2018_Gout&Terroirs_Bulle_P1060549\"}},{\"type\":\"slideshow_item\",\"props\":{\"image\":\"wp-content\\\/uploads\\\/2025\\\/10\\\/Valperca_2018_GoutTerroirs_Bulle_P1060524-scaled.jpg\",\"title\":\"Valperca_2018_Gout&Terroirs_Bulle_P1060524\"}},{\"type\":\"slideshow_item\",\"props\":{\"image\":\"wp-content\\\/uploads\\\/2025\\\/10\\\/Valperca_2018_GoutTerroirs_Bulle_P1060547-scaled.jpg\",\"title\":\"Valperca_2018_Gout&Terroirs_Bulle_P1060547\"}},{\"type\":\"slideshow_item\",\"props\":{\"image\":\"wp-content\\\/uploads\\\/2025\\\/10\\\/Valperca_2018_GoutTerroirs_Bulle_P1060552-scaled.jpg\",\"title\":\"Valperca_2018_Gout&Terroirs_Bulle_P1060552\"}}]}]}]}],\"name\":\"Valperca 2017 - 2018\"}],\"version\":\"4.5.24\"} --><\/p>\n","protected":false},"excerpt":{"rendered":"<p>Valperca Revenir aux r\u00e9alisations 2018 Lieu: Conception d&#8217;un stand d&#8217;exposition \u00e0 Z\u00fcrichProjet: Slow Food Market Valperca_Sloowfood ZH_2018__IMG_7131 Valperca_Sloowfood ZH_2018__IMG_7132 Valperca_Sloowfood ZH_2018__IMG_7128 2018 Lieu: Conception d&#8217;un stand d&#8217;exposition \u00e0 MartignyProjet:\u00a0Passion Nature Valperca_PassionNature_2018P1050183 Valperca_PassionNature_2018P1050205 Valperca_PassionNature_2018P1050215 Valperca_PassionNature_2018P1050185 Valperca_PassionNature_2018P1050194 2017 Lieu: Conception d&#8217;un stand d&#8217;exposition \u00e0 MartignyProjet:\u00a0Saveurs et Artisans IMG_1278 2017 &#8211; 2018 Lieu: Conception d&#8217;un stand d&#8217;exposition \u00e0 [&hellip;]<\/p>\n","protected":false},"author":4,"featured_media":0,"comment_status":"closed","ping_status":"closed","sticky":false,"template":"","format":"standard","meta":{"_jetpack_memberships_contains_paid_content":false,"footnotes":""},"categories":[5],"tags":[],"class_list":["post-4885","post","type-post","status-publish","format-standard","hentry","category-standconcept"],"jetpack_featured_media_url":"","jetpack_sharing_enabled":true,"_links":{"self":[{"href":"https:\/\/standconcept.ch\/en\/wp-json\/wp\/v2\/posts\/4885","targetHints":{"allow":["GET"]}}],"collection":[{"href":"https:\/\/standconcept.ch\/en\/wp-json\/wp\/v2\/posts"}],"about":[{"href":"https:\/\/standconcept.ch\/en\/wp-json\/wp\/v2\/types\/post"}],"author":[{"embeddable":true,"href":"https:\/\/standconcept.ch\/en\/wp-json\/wp\/v2\/users\/4"}],"replies":[{"embeddable":true,"href":"https:\/\/standconcept.ch\/en\/wp-json\/wp\/v2\/comments?post=4885"}],"version-history":[{"count":29,"href":"https:\/\/standconcept.ch\/en\/wp-json\/wp\/v2\/posts\/4885\/revisions"}],"predecessor-version":[{"id":8718,"href":"https:\/\/standconcept.ch\/en\/wp-json\/wp\/v2\/posts\/4885\/revisions\/8718"}],"wp:attachment":[{"href":"https:\/\/standconcept.ch\/en\/wp-json\/wp\/v2\/media?parent=4885"}],"wp:term":[{"taxonomy":"category","embeddable":true,"href":"https:\/\/standconcept.ch\/en\/wp-json\/wp\/v2\/categories?post=4885"},{"taxonomy":"post_tag","embeddable":true,"href":"https:\/\/standconcept.ch\/en\/wp-json\/wp\/v2\/tags?post=4885"}],"curies":[{"name":"wp","href":"https:\/\/api.w.org\/{rel}","templated":true}]}}