{"id":3735,"date":"2025-06-23T12:20:56","date_gmt":"2025-06-23T12:20:56","guid":{"rendered":"https:\/\/owvebneiv.preview.infomaniak.website\/?p=3735"},"modified":"2025-12-08T20:46:24","modified_gmt":"2025-12-08T20:46:24","slug":"musee-dhistoire-naturelle-neuchatel","status":"publish","type":"post","link":"https:\/\/standconcept.ch\/fr\/musee-dhistoire-naturelle-neuchatel\/","title":{"rendered":"MHN Neuch\u00e2tel"},"content":{"rendered":"<h1><span>Mus\u00e9e d&rsquo;histoire naturelle de Neuch\u00e2tel<\/span><\/h1>\n<p><p>\n        <a href=\"\/realisations\/\">Revenir aux r\u00e9alisations<\/a>\n    <\/p>\n<\/p>\n<h1>2020<\/h1>\n<div>\n<p><span><strong>Lieu: <\/strong>Planification et r\u00e9alisation de vitrines pour une exposition temporaire au mus\u00e9e d\u2019histoire naturelle de Neuch\u00e2tel.<\/span><br \/><span><strong>Projet: <\/strong>Am\u00e9nagement int\u00e9rieur<\/span><br \/><span><strong>Exposition: <\/strong>Sauvage<\/span><\/p>\n<\/div>\n<ul>\n<li>\n<p>        <img decoding=\"async\" src=\"\/wp-content\/uploads\/2025\/10\/MHN_2020_Museum_Sauvage-53.jpg\" alt=\"\"><\/p>\n<h3>MHN_2020_Museum_Sauvage 53<\/h3>\n<\/li>\n<li>\n<p>        <img decoding=\"async\" src=\"\/wp-content\/uploads\/2025\/10\/MHN_2020_Museum_Sauvage-46.jpg\" alt=\"\"><\/p>\n<h3>MHN_2020_Museum_Sauvage 46<\/h3>\n<\/li>\n<li>\n<p>        <img decoding=\"async\" src=\"\/wp-content\/uploads\/2025\/10\/MHN_2020_Museum_Sauvage-44.jpg\" alt=\"\"><\/p>\n<h3>MHN_2020_Museum_Sauvage 44<\/h3>\n<\/li>\n<li>\n<p>        <img decoding=\"async\" src=\"\/wp-content\/uploads\/2025\/10\/MHN_2020_Museum_Sauvage-51.jpg\" alt=\"\"><\/p>\n<h3>MHN_2020_Museum_Sauvage 51<\/h3>\n<\/li>\n<li>\n<p>        <img decoding=\"async\" src=\"\/wp-content\/uploads\/2025\/10\/MHN_2020_Museum_Sauvage-45.jpg\" alt=\"\"><\/p>\n<h3>MHN_2020_Museum_Sauvage 45<\/h3>\n<\/li>\n<\/ul>\n<p><!--more--><br \/>\n<!-- {\"type\":\"layout\",\"children\":[{\"type\":\"section\",\"props\":{\"image_position\":\"center-center\",\"padding_remove_bottom\":true,\"style\":\"default\",\"title_breakpoint\":\"xl\",\"title_position\":\"top-left\",\"title_rotation\":\"left\",\"vertical_align\":\"\",\"width\":\"default\"},\"children\":[{\"type\":\"row\",\"children\":[{\"type\":\"column\",\"props\":{\"image_position\":\"center-center\",\"position_sticky_breakpoint\":\"m\"},\"children\":[{\"type\":\"headline\",\"props\":{\"content\":\"<span>Mus\\u00e9e d'histoire naturelle de Neuch\\u00e2tel<\\\/span>\",\"title_element\":\"h1\",\"title_style\":\"heading-medium\"}},{\"type\":\"button\",\"props\":{\"grid_column_gap\":\"small\",\"grid_row_gap\":\"small\",\"margin\":\"default\"},\"children\":[{\"type\":\"button_item\",\"props\":{\"button_style\":\"text\",\"content\":\"Revenir aux r\\u00e9alisations\",\"content_de_de\":\"Zur\\u00fcck zu den Projekten\",\"content_en_gb\":\"Back to achievements\",\"dialog_layout\":\"modal\",\"dialog_offcanvas_flip\":true,\"icon_align\":\"left\",\"link\":\"realisations\\\/\",\"link_de_de\":\"de\\\/realisations\\\/\",\"link_en_gb\":\"en\\\/realisations\\\/\"}}],\"name\":\"Button\"}]}],\"props\":{\"margin_remove_bottom\":true}}],\"name\":\"Nom Entreprise\"},{\"type\":\"section\",\"props\":{\"image_position\":\"center-center\",\"style\":\"default\",\"title\":\"MHN Neuch\\u00e2tel 2020\",\"title_breakpoint\":\"xl\",\"title_position\":\"top-left\",\"title_rotation\":\"left\",\"vertical_align\":\"\",\"width\":\"default\"},\"children\":[{\"type\":\"row\",\"children\":[{\"type\":\"column\",\"props\":{\"image_position\":\"center-center\",\"position_sticky_breakpoint\":\"m\"},\"children\":[{\"type\":\"headline\",\"props\":{\"content\":\"2020\",\"title_element\":\"h1\"}},{\"type\":\"text\",\"props\":{\"column_breakpoint\":\"m\",\"content\":\"\n\n<p><span><strong>Lieu: <\\\/strong>Planification et r\\u00e9alisation de vitrines pour une exposition temporaire au mus\\u00e9e d\\u2019histoire naturelle de Neuch\\u00e2tel.<\\\/span><br \\\/><span><strong>Projet: <\\\/strong>Am\\u00e9nagement int\\u00e9rieur<\\\/span><br \\\/><span><strong>Exposition: <\\\/strong>Sauvage<\\\/span><\\\/p>\",\"content_de_de\":\"\n\n<p><span>Ort: Planung und Realisierung von Vitrinen f\\u00fcr eine Wechselausstellung im Naturhistorischen Museum in Neuch\\u00e2tel.<\\\/span><br \\\/><span>Projekt: Interior design<\\\/span><\\\/p>\\n\n\n<p>Ausstellung: Sauvage<\\\/p>\",\"content_en_gb\":\"\n\n<p><span>Location: Planning and realization of showcases for a temporary exhibition at the Natural History Museum in Neuch\\u00e2tel.<\\\/span><br \\\/><span>Project: Interior design<\\\/span><\\\/p>\\n\n\n<p>Exposition: Sauvage<\\\/p>\",\"margin\":\"default\"}},{\"type\":\"slideshow\",\"props\":{\"css\":\"\\\/* Cible les images dans le slideshow Yootheme *\\\/\\n.uk-slideshow-items img {\\n  object-fit: contain !important;\\n  background: #ffffff; \\\/* ou blanc si tu pr\\u00e9f\\u00e8res *\\\/\\n}\",\"link_style\":\"default\",\"link_text\":\"Read more\",\"margin\":\"default\",\"meta_align\":\"below-title\",\"meta_element\":\"div\",\"meta_style\":\"text-meta\",\"nav\":\"dotnav\",\"nav_align\":\"center\",\"nav_breakpoint\":\"s\",\"nav_position\":\"bottom-center\",\"nav_position_margin\":\"medium\",\"overlay_animation\":\"parallax\",\"overlay_position\":\"center-left\",\"show_content\":true,\"show_link\":true,\"show_meta\":false,\"show_thumbnail\":true,\"show_title\":false,\"slidenav\":\"default\",\"slidenav_breakpoint\":\"s\",\"slidenav_margin\":\"medium\",\"slidenav_outside_breakpoint\":\"xl\",\"slideshow_autoplay_pause\":true,\"slideshow_min_height\":300,\"slideshow_ratio\":\"6:4\",\"thumbnav_height\":\"75\",\"thumbnav_svg_color\":\"emphasis\",\"thumbnav_width\":\"100\",\"title_element\":\"h3\",\"title_hover_style\":\"reset\"},\"children\":[{\"type\":\"slideshow_item\",\"props\":{\"image\":\"wp-content\\\/uploads\\\/2025\\\/10\\\/MHN_2020_Museum_Sauvage-53.jpg\",\"title\":\"MHN_2020_Museum_Sauvage 53\"}},{\"type\":\"slideshow_item\",\"props\":{\"image\":\"wp-content\\\/uploads\\\/2025\\\/10\\\/MHN_2020_Museum_Sauvage-46.jpg\",\"title\":\"MHN_2020_Museum_Sauvage 46\"}},{\"type\":\"slideshow_item\",\"props\":{\"image\":\"wp-content\\\/uploads\\\/2025\\\/10\\\/MHN_2020_Museum_Sauvage-44.jpg\",\"title\":\"MHN_2020_Museum_Sauvage 44\"}},{\"type\":\"slideshow_item\",\"props\":{\"image\":\"wp-content\\\/uploads\\\/2025\\\/10\\\/MHN_2020_Museum_Sauvage-51.jpg\",\"title\":\"MHN_2020_Museum_Sauvage 51\"}},{\"type\":\"slideshow_item\",\"props\":{\"image\":\"wp-content\\\/uploads\\\/2025\\\/10\\\/MHN_2020_Museum_Sauvage-45.jpg\",\"title\":\"MHN_2020_Museum_Sauvage 45\"}}]}]}]}],\"name\":\"MHN Neuch\\u00e2tel 2020\"}],\"version\":\"4.5.24\"} --><\/p>\n","protected":false},"excerpt":{"rendered":"<p>Mus\u00e9e d&rsquo;histoire naturelle de Neuch\u00e2tel Revenir aux r\u00e9alisations 2020 Lieu: Planification et r\u00e9alisation de vitrines pour une exposition temporaire au mus\u00e9e d\u2019histoire naturelle de Neuch\u00e2tel.Projet: Am\u00e9nagement int\u00e9rieurExposition: Sauvage MHN_2020_Museum_Sauvage 53 MHN_2020_Museum_Sauvage 46 MHN_2020_Museum_Sauvage 44 MHN_2020_Museum_Sauvage 51 MHN_2020_Museum_Sauvage 45<\/p>\n","protected":false},"author":4,"featured_media":0,"comment_status":"closed","ping_status":"closed","sticky":false,"template":"","format":"standard","meta":{"_jetpack_memberships_contains_paid_content":false,"footnotes":""},"categories":[5],"tags":[],"class_list":["post-3735","post","type-post","status-publish","format-standard","hentry","category-standconcept"],"jetpack_featured_media_url":"","jetpack_sharing_enabled":true,"_links":{"self":[{"href":"https:\/\/standconcept.ch\/fr\/wp-json\/wp\/v2\/posts\/3735","targetHints":{"allow":["GET"]}}],"collection":[{"href":"https:\/\/standconcept.ch\/fr\/wp-json\/wp\/v2\/posts"}],"about":[{"href":"https:\/\/standconcept.ch\/fr\/wp-json\/wp\/v2\/types\/post"}],"author":[{"embeddable":true,"href":"https:\/\/standconcept.ch\/fr\/wp-json\/wp\/v2\/users\/4"}],"replies":[{"embeddable":true,"href":"https:\/\/standconcept.ch\/fr\/wp-json\/wp\/v2\/comments?post=3735"}],"version-history":[{"count":13,"href":"https:\/\/standconcept.ch\/fr\/wp-json\/wp\/v2\/posts\/3735\/revisions"}],"predecessor-version":[{"id":8675,"href":"https:\/\/standconcept.ch\/fr\/wp-json\/wp\/v2\/posts\/3735\/revisions\/8675"}],"wp:attachment":[{"href":"https:\/\/standconcept.ch\/fr\/wp-json\/wp\/v2\/media?parent=3735"}],"wp:term":[{"taxonomy":"category","embeddable":true,"href":"https:\/\/standconcept.ch\/fr\/wp-json\/wp\/v2\/categories?post=3735"},{"taxonomy":"post_tag","embeddable":true,"href":"https:\/\/standconcept.ch\/fr\/wp-json\/wp\/v2\/tags?post=3735"}],"curies":[{"name":"wp","href":"https:\/\/api.w.org\/{rel}","templated":true}]}}