{"id":5831,"date":"2025-08-14T19:09:29","date_gmt":"2025-08-14T19:09:29","guid":{"rendered":"https:\/\/owvebneiv.preview.infomaniak.website\/?p=5831"},"modified":"2025-12-08T21:29:40","modified_gmt":"2025-12-08T21:29:40","slug":"raiffeisen-banque","status":"publish","type":"post","link":"https:\/\/standconcept.ch\/fr\/raiffeisen-banque\/","title":{"rendered":"Raiffeisen Banque"},"content":{"rendered":"<h1><span>Raiffeisen Banque<\/span><\/h1>\n<p><p>\n        <a href=\"\/realisations\/\">Revenir aux r\u00e9alisations<\/a>\n    <\/p>\n<\/p>\n<h1>2024 &#8211; 2025<\/h1>\n<div>\n<p><span>Lieu: Conception d&rsquo;un stand d&rsquo;exposition \u00e0 Del\u00e9mont<\/span><br \/><span>Projet: FOIRE DU JURA<\/span><\/p>\n<\/div>\n<ul>\n<li>\n<p>        <img decoding=\"async\" src=\"\/wp-content\/uploads\/2025\/10\/Photo-stand1-scaled.jpg\" alt=\"\"><\/p>\n<h3>Photo-stand1<\/h3>\n<\/li>\n<li>\n<p>        <img decoding=\"async\" src=\"\/wp-content\/uploads\/2025\/10\/Photo-stand2-scaled.jpg\" alt=\"\"><\/p>\n<h3>Photo-stand2<\/h3>\n<\/li>\n<\/ul>\n<h1>2011 &#8211; 2025<\/h1>\n<div>\n<p><span>Lieu: Conception d&rsquo;un stand d&rsquo;exposition \u00e0 Neuch\u00e2tel<\/span><br \/><span>Projet: SINE<\/span><\/p>\n<\/div>\n<ul>\n<li>\n<p>        <img decoding=\"async\" src=\"\/wp-content\/uploads\/2025\/10\/IMG_0682-scaled.jpeg\" alt=\"\"><\/p>\n<h3>IMG_0682<\/h3>\n<\/li>\n<li>\n<p>        <img decoding=\"async\" src=\"\/wp-content\/uploads\/2025\/10\/Raiffeisen_2025_SINEIMG_3781-scaled.jpeg\" alt=\"\"><\/p>\n<h3>Raiffeisen_2025_SINEIMG_3781<\/h3>\n<\/li>\n<li>\n<p>        <img decoding=\"async\" src=\"\/wp-content\/uploads\/2025\/10\/IMG_0680-scaled.jpeg\" alt=\"\"><\/p>\n<h3>IMG_0680<\/h3>\n<\/li>\n<li>\n<p>        <img decoding=\"async\" src=\"\/wp-content\/uploads\/2025\/10\/Raiffeisen_2025_SINEIMG_3771-scaled.jpeg\" alt=\"\"><\/p>\n<h3>Raiffeisen_2025_SINEIMG_3771<\/h3>\n<\/li>\n<li>\n<p>        <img decoding=\"async\" src=\"\/wp-content\/uploads\/2025\/10\/Raiffeisen_2025_SINEIMG_3770-scaled.jpeg\" alt=\"\"><\/p>\n<h3>Raiffeisen_2025_SINEIMG_3770<\/h3>\n<\/li>\n<\/ul>\n<p><!--more--><br \/>\n<!-- {\"type\":\"layout\",\"children\":[{\"type\":\"section\",\"props\":{\"image_position\":\"center-center\",\"padding_remove_bottom\":true,\"style\":\"default\",\"title_breakpoint\":\"xl\",\"title_position\":\"top-left\",\"title_rotation\":\"left\",\"vertical_align\":\"\",\"width\":\"default\"},\"children\":[{\"type\":\"row\",\"children\":[{\"type\":\"column\",\"props\":{\"image_position\":\"center-center\",\"position_sticky_breakpoint\":\"m\"},\"children\":[{\"type\":\"headline\",\"props\":{\"content\":\"<span>Raiffeisen Banque<\\\/span>\",\"title_element\":\"h1\",\"title_style\":\"heading-medium\"}},{\"type\":\"button\",\"props\":{\"grid_column_gap\":\"small\",\"grid_row_gap\":\"small\",\"margin\":\"default\"},\"children\":[{\"type\":\"button_item\",\"props\":{\"button_style\":\"text\",\"content\":\"Revenir aux r\\u00e9alisations\",\"content_de_de\":\"Zur\\u00fcck zu den Projekten\",\"content_en_gb\":\"Back to achievements\",\"dialog_layout\":\"modal\",\"dialog_offcanvas_flip\":true,\"icon_align\":\"left\",\"link\":\"realisations\\\/\",\"link_de_de\":\"de\\\/realisations\\\/\",\"link_en_gb\":\"en\\\/realisations\\\/\"}}],\"name\":\"Button\"}]}],\"props\":{\"margin_remove_bottom\":true}}],\"name\":\"Nom Entreprise\"},{\"type\":\"section\",\"props\":{\"image_position\":\"center-center\",\"style\":\"default\",\"title\":\"Raiffeisen Banque 2024 - 2025\",\"title_breakpoint\":\"xl\",\"title_position\":\"top-left\",\"title_rotation\":\"left\",\"vertical_align\":\"\",\"width\":\"default\"},\"children\":[{\"type\":\"row\",\"children\":[{\"type\":\"column\",\"props\":{\"image_position\":\"center-center\",\"position_sticky_breakpoint\":\"m\"},\"children\":[{\"type\":\"headline\",\"props\":{\"content\":\"2024 - 2025\",\"title_element\":\"h1\"}},{\"type\":\"text\",\"props\":{\"column_breakpoint\":\"m\",\"content\":\"\n\n<p><span>Lieu: Conception d'un stand d'exposition \\u00e0 Del\\u00e9mont<\\\/span><br \\\/><span>Projet: FOIRE DU JURA<\\\/span><\\\/p>\",\"content_de_de\":\"\n\n<p><span>Ort: Gestaltung und Realisierung eines Messestandes in Del\\u00e9mont<\\\/span><br \\\/><span>Projekt: FOIRE DU JURA<\\\/span><\\\/p>\",\"content_en_gb\":\"\n\n<p><span>Location: Realisation of an exhibition stand at Del\\u00e9mont<\\\/span><br \\\/><span>Project: FOIRE DU JURA<\\\/span><\\\/p>\",\"margin\":\"default\"}},{\"type\":\"slideshow\",\"props\":{\"css\":\"\\\/* Cible les images dans le slideshow Yootheme *\\\/\\n.uk-slideshow-items img {\\n  object-fit: contain !important;\\n  background: #ffffff; \\\/* ou blanc si tu pr\\u00e9f\\u00e8res *\\\/\\n}\",\"link_style\":\"default\",\"link_text\":\"Read more\",\"margin\":\"default\",\"meta_align\":\"below-title\",\"meta_element\":\"div\",\"meta_style\":\"text-meta\",\"nav\":\"dotnav\",\"nav_align\":\"center\",\"nav_breakpoint\":\"s\",\"nav_position\":\"bottom-center\",\"nav_position_margin\":\"medium\",\"overlay_animation\":\"parallax\",\"overlay_position\":\"center-left\",\"show_content\":true,\"show_link\":true,\"show_meta\":false,\"show_thumbnail\":true,\"show_title\":false,\"slidenav\":\"default\",\"slidenav_breakpoint\":\"s\",\"slidenav_margin\":\"medium\",\"slidenav_outside_breakpoint\":\"xl\",\"slideshow_autoplay_pause\":true,\"slideshow_min_height\":300,\"slideshow_ratio\":\"6:4\",\"thumbnav_height\":\"75\",\"thumbnav_svg_color\":\"emphasis\",\"thumbnav_width\":\"100\",\"title_element\":\"h3\",\"title_hover_style\":\"reset\"},\"children\":[{\"type\":\"slideshow_item\",\"props\":{\"image\":\"wp-content\\\/uploads\\\/2025\\\/10\\\/Photo-stand1-scaled.jpg\",\"title\":\"Photo-stand1\"}},{\"type\":\"slideshow_item\",\"props\":{\"image\":\"wp-content\\\/uploads\\\/2025\\\/10\\\/Photo-stand2-scaled.jpg\",\"title\":\"Photo-stand2\"}}]}]}]}],\"name\":\"Raiffeisen Banque 2024 - 2025\"},{\"type\":\"section\",\"props\":{\"image_position\":\"center-center\",\"style\":\"default\",\"title\":\"Raiffeisen Banque 2011 - 2025\",\"title_breakpoint\":\"xl\",\"title_position\":\"top-left\",\"title_rotation\":\"left\",\"vertical_align\":\"\",\"width\":\"default\"},\"children\":[{\"type\":\"row\",\"children\":[{\"type\":\"column\",\"props\":{\"image_position\":\"center-center\",\"position_sticky_breakpoint\":\"m\"},\"children\":[{\"type\":\"headline\",\"props\":{\"content\":\"2011 - 2025\",\"title_element\":\"h1\"}},{\"type\":\"text\",\"props\":{\"column_breakpoint\":\"m\",\"content\":\"\n\n<p><span>Lieu: Conception d'un stand d'exposition \\u00e0 Neuch\\u00e2tel<\\\/span><br \\\/><span>Projet: SINE<\\\/span><\\\/p>\",\"content_de_de\":\"\n\n<p><span>Ort: Neuenburg<\\\/span><br \\\/><span>Projekt: SINE<\\\/span><\\\/p>\",\"content_en_gb\":\"\n\n<p><span>Location: Neuch\\u00e2tel<\\\/span><br \\\/><span>Project: SINE<\\\/span><\\\/p>\",\"margin\":\"default\"}},{\"type\":\"slideshow\",\"props\":{\"css\":\"\\\/* Cible les images dans le slideshow Yootheme *\\\/\\n.uk-slideshow-items img {\\n  object-fit: contain !important;\\n  background: #ffffff; \\\/* ou blanc si tu pr\\u00e9f\\u00e8res *\\\/\\n}\",\"link_style\":\"default\",\"link_text\":\"Read more\",\"margin\":\"default\",\"meta_align\":\"below-title\",\"meta_element\":\"div\",\"meta_style\":\"text-meta\",\"nav\":\"dotnav\",\"nav_align\":\"center\",\"nav_breakpoint\":\"s\",\"nav_position\":\"bottom-center\",\"nav_position_margin\":\"medium\",\"overlay_animation\":\"parallax\",\"overlay_position\":\"center-left\",\"show_content\":true,\"show_link\":true,\"show_meta\":false,\"show_thumbnail\":true,\"show_title\":false,\"slidenav\":\"default\",\"slidenav_breakpoint\":\"s\",\"slidenav_margin\":\"medium\",\"slidenav_outside_breakpoint\":\"xl\",\"slideshow_autoplay_pause\":true,\"slideshow_min_height\":300,\"slideshow_ratio\":\"6:4\",\"thumbnav_height\":\"75\",\"thumbnav_svg_color\":\"emphasis\",\"thumbnav_width\":\"100\",\"title_element\":\"h3\",\"title_hover_style\":\"reset\"},\"children\":[{\"type\":\"slideshow_item\",\"props\":{\"image\":\"wp-content\\\/uploads\\\/2025\\\/10\\\/IMG_0682-scaled.jpeg\",\"title\":\"IMG_0682\"}},{\"type\":\"slideshow_item\",\"props\":{\"image\":\"wp-content\\\/uploads\\\/2025\\\/10\\\/Raiffeisen_2025_SINEIMG_3781-scaled.jpeg\",\"title\":\"Raiffeisen_2025_SINEIMG_3781\"}},{\"type\":\"slideshow_item\",\"props\":{\"image\":\"wp-content\\\/uploads\\\/2025\\\/10\\\/IMG_0680-scaled.jpeg\",\"title\":\"IMG_0680\"}},{\"type\":\"slideshow_item\",\"props\":{\"image\":\"wp-content\\\/uploads\\\/2025\\\/10\\\/Raiffeisen_2025_SINEIMG_3771-scaled.jpeg\",\"title\":\"Raiffeisen_2025_SINEIMG_3771\"}},{\"type\":\"slideshow_item\",\"props\":{\"image\":\"wp-content\\\/uploads\\\/2025\\\/10\\\/Raiffeisen_2025_SINEIMG_3770-scaled.jpeg\",\"title\":\"Raiffeisen_2025_SINEIMG_3770\"}}]}]}]}],\"name\":\"Raiffeisen Banque 2011 - 2025\"}],\"version\":\"4.5.24\"} --><\/p>\n","protected":false},"excerpt":{"rendered":"<p>Raiffeisen Banque Revenir aux r\u00e9alisations 2024 &#8211; 2025 Lieu: Conception d&rsquo;un stand d&rsquo;exposition \u00e0 Del\u00e9montProjet: FOIRE DU JURA Photo-stand1 Photo-stand2 2011 &#8211; 2025 Lieu: Conception d&rsquo;un stand d&rsquo;exposition \u00e0 Neuch\u00e2telProjet: SINE IMG_0682 Raiffeisen_2025_SINEIMG_3781 IMG_0680 Raiffeisen_2025_SINEIMG_3771 Raiffeisen_2025_SINEIMG_3770<\/p>\n","protected":false},"author":5,"featured_media":0,"comment_status":"closed","ping_status":"closed","sticky":false,"template":"","format":"standard","meta":{"_jetpack_memberships_contains_paid_content":false,"footnotes":""},"categories":[5],"tags":[],"class_list":["post-5831","post","type-post","status-publish","format-standard","hentry","category-standconcept"],"jetpack_featured_media_url":"","jetpack_sharing_enabled":true,"_links":{"self":[{"href":"https:\/\/standconcept.ch\/fr\/wp-json\/wp\/v2\/posts\/5831","targetHints":{"allow":["GET"]}}],"collection":[{"href":"https:\/\/standconcept.ch\/fr\/wp-json\/wp\/v2\/posts"}],"about":[{"href":"https:\/\/standconcept.ch\/fr\/wp-json\/wp\/v2\/types\/post"}],"author":[{"embeddable":true,"href":"https:\/\/standconcept.ch\/fr\/wp-json\/wp\/v2\/users\/5"}],"replies":[{"embeddable":true,"href":"https:\/\/standconcept.ch\/fr\/wp-json\/wp\/v2\/comments?post=5831"}],"version-history":[{"count":11,"href":"https:\/\/standconcept.ch\/fr\/wp-json\/wp\/v2\/posts\/5831\/revisions"}],"predecessor-version":[{"id":8699,"href":"https:\/\/standconcept.ch\/fr\/wp-json\/wp\/v2\/posts\/5831\/revisions\/8699"}],"wp:attachment":[{"href":"https:\/\/standconcept.ch\/fr\/wp-json\/wp\/v2\/media?parent=5831"}],"wp:term":[{"taxonomy":"category","embeddable":true,"href":"https:\/\/standconcept.ch\/fr\/wp-json\/wp\/v2\/categories?post=5831"},{"taxonomy":"post_tag","embeddable":true,"href":"https:\/\/standconcept.ch\/fr\/wp-json\/wp\/v2\/tags?post=5831"}],"curies":[{"name":"wp","href":"https:\/\/api.w.org\/{rel}","templated":true}]}}